{"id":1130,"date":"2026-03-12T17:53:09","date_gmt":"2026-03-12T17:53:09","guid":{"rendered":"https:\/\/neainfo.com\/?p=1130"},"modified":"2026-03-12T17:53:12","modified_gmt":"2026-03-12T17:53:12","slug":"la-chicana-de-tapia-sobre-la-finalissima-quiero-que-se-juegue-en-el-monumental","status":"publish","type":"post","link":"https:\/\/neainfo.com\/index.php\/2026\/03\/12\/la-chicana-de-tapia-sobre-la-finalissima-quiero-que-se-juegue-en-el-monumental\/","title":{"rendered":"LA CHICANA DE TAPIA SOBRE LA FINALISSIMA: &#8220;QUIERO QUE SE JUEGUE EN EL MONUMENTAL&#8221;"},"content":{"rendered":"\n<p>El presidente de la AFA respondi\u00f3 con sarcasmo a las especulaciones sobre el escenario del partido entre los campeones de Am\u00e9rica y Europa, previsto para el 27 de marzo.<\/p>\n\n\n\n<p>Claudio Tapia, reaccion\u00f3 con iron\u00eda ante las versiones que se\u00f1alan a Madrid como posible sede de la pr\u00f3xima Finalissima.<\/p>\n\n\n\n<p>\u201cEspa\u00f1a quiere jugar en el Bernab\u00e9u y yo en el Monumental\u201d, expres\u00f3 el dirigente al ser consultado por la prensa, en referencia al estadio Santiago Bernab\u00e9u y al Estadio Monumental.<\/p>\n\n\n\n<p>Las declaraciones se produjeron cuando Tapia se retiraba de los tribunales de Comodoro Py, donde se present\u00f3 a declarar en el marco de una causa judicial por una presunta evasi\u00f3n de 19.000 millones de pesos. En ese contexto, fue abordado por periodistas y respondi\u00f3 con sarcasmo a las versiones sobre el escenario del encuentro.<\/p>\n\n\n\n<p>La sede del partido, previsto para el 27 de marzo, a\u00fan no fue confirmada oficialmente. El duelo enfrenta a los campeones de la Copa Am\u00e9rica y de la Eurocopa.<\/p>\n\n\n\n<p>Inicialmente, el encuentro iba a disputarse en Qatar, pero esa posibilidad fue descartada tras el inicio del conflicto b\u00e9lico en la regi\u00f3n. A partir de entonces comenzaron a analizarse alternativas como Estados Unidos, Inglaterra y Portugal, que con el correr de los d\u00edas fueron perdiendo fuerza.<\/p>\n\n\n\n<p>Seg\u00fan trascendi\u00f3, desde la UEFA y la Real Federaci\u00f3n Espa\u00f1ola de F\u00fatbol impulsan la opci\u00f3n de Madrid, aunque la AFA no habr\u00eda dado su aprobaci\u00f3n. Desde la dirigencia del f\u00fatbol argentino sostienen que todav\u00eda no existe una decisi\u00f3n definitiva y que contin\u00faan las conversaciones para definir el escenario del encuentro.<\/p>\n","protected":false},"excerpt":{"rendered":"<p>El presidente de la AFA respondi\u00f3 con sarcasmo a las especulaciones sobre el escenario del [&hellip;]<\/p>\n","protected":false},"author":1,"featured_media":1131,"comment_status":"open","ping_status":"open","sticky":false,"template":"","format":"standard","meta":{"footnotes":""},"categories":[1],"tags":[],"_links":{"self":[{"href":"https:\/\/neainfo.com\/index.php\/wp-json\/wp\/v2\/posts\/1130"}],"collection":[{"href":"https:\/\/neainfo.com\/index.php\/wp-json\/wp\/v2\/posts"}],"about":[{"href":"https:\/\/neainfo.com\/index.php\/wp-json\/wp\/v2\/types\/post"}],"author":[{"embeddable":true,"href":"https:\/\/neainfo.com\/index.php\/wp-json\/wp\/v2\/users\/1"}],"replies":[{"embeddable":true,"href":"https:\/\/neainfo.com\/index.php\/wp-json\/wp\/v2\/comments?post=1130"}],"version-history":[{"count":1,"href":"https:\/\/neainfo.com\/index.php\/wp-json\/wp\/v2\/posts\/1130\/revisions"}],"predecessor-version":[{"id":1132,"href":"https:\/\/neainfo.com\/index.php\/wp-json\/wp\/v2\/posts\/1130\/revisions\/1132"}],"wp:featuredmedia":[{"embeddable":true,"href":"https:\/\/neainfo.com\/index.php\/wp-json\/wp\/v2\/media\/1131"}],"wp:attachment":[{"href":"https:\/\/neainfo.com\/index.php\/wp-json\/wp\/v2\/media?parent=1130"}],"wp:term":[{"taxonomy":"category","embeddable":true,"href":"https:\/\/neainfo.com\/index.php\/wp-json\/wp\/v2\/categories?post=1130"},{"taxonomy":"post_tag","embeddable":true,"href":"https:\/\/neainfo.com\/index.php\/wp-json\/wp\/v2\/tags?post=1130"}],"curies":[{"name":"wp","href":"https:\/\/api.w.org\/{rel}","templated":true}]}}