{"id":1136,"date":"2026-03-12T17:54:57","date_gmt":"2026-03-12T17:54:57","guid":{"rendered":"https:\/\/neainfo.com\/?p=1136"},"modified":"2026-03-12T17:55:01","modified_gmt":"2026-03-12T17:55:01","slug":"denunciaron-a-manuel-adorni-por-presunto-enriquecimiento-ilicito","status":"publish","type":"post","link":"https:\/\/neainfo.com\/index.php\/2026\/03\/12\/denunciaron-a-manuel-adorni-por-presunto-enriquecimiento-ilicito\/","title":{"rendered":"DENUNCIARON A MANUEL ADORNI POR PRESUNTO ENRIQUECIMIENTO IL\u00cdCITO"},"content":{"rendered":"\n<p>La presentaci\u00f3n fue realizada por la diputada Marcela Pagano, quien pidi\u00f3 investigar el origen de los fondos utilizados para el traslado familiar del jefe de Gabinete.<\/p>\n\n\n\n<p>El jefe de Gabinete, Manuel Adorni, fue denunciado penalmente por presunto enriquecimiento il\u00edcito a ra\u00edz de un viaje que realiz\u00f3 junto a su familia en un vuelo privado hacia Punta del Este durante el verano.<\/p>\n\n\n\n<p>La denuncia fue presentada por la diputada Marcela Pagano, quien solicit\u00f3 que la Justicia investigue el origen de los fondos utilizados para el traslado. En el escrito, la legisladora se\u00f1al\u00f3 que el viaje se habr\u00eda producido pocos d\u00edas despu\u00e9s de que la Jefatura de Gabinete de Ministros impulsara una reforma al r\u00e9gimen de viajes oficiales al exterior.<\/p>\n\n\n\n<p>Seg\u00fan el documento presentado, la normativa establece \u201climitaciones estrictas a la composici\u00f3n de las comitivas \u2014un m\u00e1ximo de un funcionario por evento internacional\u2014 y exige justificaci\u00f3n expl\u00edcita de la presencia de cada integrante adicional\u201d. En ese contexto, Pagano pidi\u00f3 que se determine si existi\u00f3 un incremento patrimonial injustificado por parte del funcionario.<\/p>\n\n\n\n<p>La causa fue sorteada y qued\u00f3 radicada en el juzgado federal a cargo de Daniel Rafecas.<\/p>\n\n\n\n<p>De forma paralela, el abogado Gregorio Dalb\u00f3n, representante legal de Cristina Fern\u00e1ndez de Kirchner, present\u00f3 otra denuncia contra Adorni por presunta malversaci\u00f3n de fondos p\u00fablicos. En ese caso, se lo acusa de haber utilizado recursos destinados al traslado de funcionarios para llevar a su esposa en un viaje oficial a Nueva York. Ese expediente qued\u00f3 en el juzgado que subroga el juez Ariel Lijo.<\/p>\n\n\n\n<p>El viaje a Punta del Este fue revelado en una investigaci\u00f3n period\u00edstica del periodista Sebasti\u00e1n Lacunza, donde se indic\u00f3 que el trayecto se realiz\u00f3 entre el 12 y el 17 de febrero en un avi\u00f3n Honda Jet matr\u00edcula LVHWA, contratado al operador Alpha Centauri.<\/p>\n\n\n\n<p>De acuerdo con ese informe, Adorni viaj\u00f3 junto a su esposa, Bettina Angeletti, dos familiares y el periodista de TV P\u00fablica, Marcelo Grandio. El reporte tambi\u00e9n indic\u00f3 que, al regresar al Aeropuerto de San Fernando, el funcionario habr\u00eda solicitado realizar los tr\u00e1mites migratorios dentro de un hangar privado.<\/p>\n\n\n\n<p>Para respaldar la informaci\u00f3n, se difundi\u00f3 una declaraci\u00f3n jurada de regreso desde el Aeropuerto Internacional de Laguna del Sauce hacia San Fernando con fecha del 17 de febrero de 2026.<\/p>\n\n\n\n<p>La pol\u00e9mica se intensific\u00f3 d\u00edas despu\u00e9s, cuando Angeletti fue vista junto a la comitiva durante una visita a la tumba del Menachem Mendel Schneerson en Nueva York. Un d\u00eda antes, el presidente Javier Milei hab\u00eda participado en Miami del lanzamiento del \u201cEscudo de las Am\u00e9ricas\u201d, actividad en la que tambi\u00e9n estuvo presente Adorni.<\/p>\n\n\n\n<p>Ante las cr\u00edticas, el funcionario justific\u00f3 la presencia de su esposa en el viaje y sostuvo: \u201cVengo una semana a deslomarme ac\u00e1\u201d. Tambi\u00e9n afirm\u00f3 que ella colaboraba con \u00e9l en sus tareas.<\/p>\n\n\n\n<p>En su presentaci\u00f3n judicial, Dalb\u00f3n solicit\u00f3 como medidas de prueba que la Casa Militar de la Presidencia de la Naci\u00f3n remita la documentaci\u00f3n del vuelo, incluyendo el plan de vuelo, el manifiesto completo de pasajeros, la n\u00f3mina de la tripulaci\u00f3n y los registros de embarque.<\/p>\n","protected":false},"excerpt":{"rendered":"<p>La presentaci\u00f3n fue realizada por la diputada Marcela Pagano, quien pidi\u00f3 investigar el origen de [&hellip;]<\/p>\n","protected":false},"author":1,"featured_media":1137,"comment_status":"open","ping_status":"open","sticky":false,"template":"","format":"standard","meta":{"footnotes":""},"categories":[1],"tags":[],"_links":{"self":[{"href":"https:\/\/neainfo.com\/index.php\/wp-json\/wp\/v2\/posts\/1136"}],"collection":[{"href":"https:\/\/neainfo.com\/index.php\/wp-json\/wp\/v2\/posts"}],"about":[{"href":"https:\/\/neainfo.com\/index.php\/wp-json\/wp\/v2\/types\/post"}],"author":[{"embeddable":true,"href":"https:\/\/neainfo.com\/index.php\/wp-json\/wp\/v2\/users\/1"}],"replies":[{"embeddable":true,"href":"https:\/\/neainfo.com\/index.php\/wp-json\/wp\/v2\/comments?post=1136"}],"version-history":[{"count":1,"href":"https:\/\/neainfo.com\/index.php\/wp-json\/wp\/v2\/posts\/1136\/revisions"}],"predecessor-version":[{"id":1138,"href":"https:\/\/neainfo.com\/index.php\/wp-json\/wp\/v2\/posts\/1136\/revisions\/1138"}],"wp:featuredmedia":[{"embeddable":true,"href":"https:\/\/neainfo.com\/index.php\/wp-json\/wp\/v2\/media\/1137"}],"wp:attachment":[{"href":"https:\/\/neainfo.com\/index.php\/wp-json\/wp\/v2\/media?parent=1136"}],"wp:term":[{"taxonomy":"category","embeddable":true,"href":"https:\/\/neainfo.com\/index.php\/wp-json\/wp\/v2\/categories?post=1136"},{"taxonomy":"post_tag","embeddable":true,"href":"https:\/\/neainfo.com\/index.php\/wp-json\/wp\/v2\/tags?post=1136"}],"curies":[{"name":"wp","href":"https:\/\/api.w.org\/{rel}","templated":true}]}}