{"id":1139,"date":"2026-03-12T17:55:45","date_gmt":"2026-03-12T17:55:45","guid":{"rendered":"https:\/\/neainfo.com\/?p=1139"},"modified":"2026-03-12T17:55:49","modified_gmt":"2026-03-12T17:55:49","slug":"atencion-trabajadores-es-feriado-el-lunes-23-de-marzo","status":"publish","type":"post","link":"https:\/\/neainfo.com\/index.php\/2026\/03\/12\/atencion-trabajadores-es-feriado-el-lunes-23-de-marzo\/","title":{"rendered":"ATENCI\u00d3N TRABAJADORES: \u00bfES FERIADO EL LUNES 23 DE MARZO?"},"content":{"rendered":"\n<p>La jornada se antepone al asueto por el D\u00eda Nacional de la Memoria por la Verdad y la Justicia; qu\u00e9 dice la legislaci\u00f3n sobre la actividad laboral.<\/p>\n\n\n\n<p>Una gran parte de la poblaci\u00f3n argentina podr\u00e1 disfrutar del&nbsp;asueto del tercer mes del a\u00f1o, lo que genera la inquietud sobre&nbsp;si es feriado el lunes 23 de marzo, que coincide con al jornada previa al&nbsp;D\u00eda Nacional de la Memoria por la Verdad y la Justicia.<\/p>\n\n\n\n<h3 class=\"wp-block-heading\"><strong>\u00bfEs feriado el 23 de marzo?<\/strong><\/h3>\n\n\n\n<p>Seg\u00fan consta en el&nbsp;calendario oficial de feriados, que proporciona la Jefatura de Gabinete,&nbsp;<strong>el lunes 23 de marzo es d\u00eda no laborable con fines tur\u00edsticos.<\/strong>&nbsp;Esta particularidad indica que la&nbsp;jornada no es feriado nacional, sino una jornada especial y, al tratarse de un d\u00eda lunes, que se ubica entre el fin de semana y el martes feriado, el Gobierno le otorg\u00f3 el car\u00e1cter de no laborable.<\/p>\n\n\n\n<p>Esta potestad del Poder Ejecutivo se puede aplicar solo tres veces al a\u00f1o y en marzo es la primera ocasi\u00f3n en la que se utiliza.<\/p>\n\n\n\n<p><strong>Cu\u00e1l es la particularidad de los d\u00edas no laborables<\/strong><\/p>\n\n\n\n<p>La&nbsp;ley 20.744 o de Contrato de Trabajo&nbsp;precisa en el art\u00edculo 181 que en los d\u00edas&nbsp;feriados nacionales&nbsp;rigen las normas legales sobre el&nbsp;descanso dominical, mientras que en el 182 explica que los&nbsp;d\u00edas no laborables son optativos para el empleador.<\/p>\n\n\n\n<p>Por lo tanto, en caso de que el empleado preste sus servicios durante un&nbsp;feriado, deber\u00e1&nbsp;cobrar el doble de una jornada habitual. Mientras que en los&nbsp;d\u00edas no laborables, el empleador tendr\u00e1 la opci\u00f3n de elegir si se trabaja y, si decide hacerlo, el empleado percibir\u00e1 su&nbsp;salario simple.<\/p>\n\n\n\n<h3 class=\"wp-block-heading\"><strong>Todos los feriados y d\u00edas no laborables de 2026<\/strong><\/h3>\n\n\n\n<p><strong>Marzo<\/strong><\/p>\n\n\n\n<p>Lunes 23 de marzo: d\u00eda no laborable con fines tur\u00edsticos.<br>Martes 24 de marzo: D\u00eda Nacional de la Memoria por la Verdad y la Justicia (feriado inamovible).<\/p>\n\n\n\n<p><strong>Abril<\/strong><\/p>\n\n\n\n<p>Jueves 2 de abril: D\u00eda del Veterano y de los Ca\u00eddos en la Guerra de Malvinas (feriado inamovible) y Jueves Santo (d\u00eda no laborable).<br>Viernes 3 de abril: Viernes Santo (feriado inamovible).<\/p>\n\n\n\n<p><strong>Mayo<\/strong><\/p>\n\n\n\n<p>Viernes 1\u00b0 de mayo: D\u00eda del Trabajo (feriado inamovible).<br>Lunes 25 de mayo: D\u00eda de la Revoluci\u00f3n de Mayo (feriado inamovible).<\/p>\n\n\n\n<p><strong>Junio<\/strong><\/p>\n\n\n\n<p>Lunes 15 de junio: Paso a la Inmortalidad del General Don Mart\u00edn Miguel de G\u00fcemes (feriado trasladable del 17 de junio).<br>S\u00e1bado 20 de junio: Paso a la Inmortalidad del General Don Manuel Belgrano (feriado inamovible).<\/p>\n\n\n\n<p><strong>Julio<\/strong><\/p>\n\n\n\n<p>Jueves 9 de julio: D\u00eda de la Independencia (feriado inamovible).<br>Viernes 10 de julio: d\u00eda no laborable con fines tur\u00edsticos.<\/p>\n\n\n\n<p><strong>Agosto<\/strong><\/p>\n\n\n\n<p>Lunes 17 de agosto: Paso a la Inmortalidad del General Don Jos\u00e9 de San Mart\u00edn (feriado trasladable).<\/p>\n\n\n\n<p><strong>Octubre<\/strong><\/p>\n\n\n\n<p>Lunes 12 de octubre: D\u00eda del Respeto a la Diversidad Cultural.<\/p>\n\n\n\n<p><strong>Noviembre<\/strong><\/p>\n\n\n\n<p>Lunes 23 de noviembre: D\u00eda de la Soberan\u00eda Nacional (feriado trasladable del 20 de noviembre).<\/p>\n\n\n\n<p><strong>Diciembre<\/strong><\/p>\n\n\n\n<p>Lunes 7 de diciembre: d\u00eda no laborable con fines tur\u00edsticos.<br>Martes 8 de diciembre: D\u00eda de la Inmaculada Concepci\u00f3n de Mar\u00eda (feriado inamovible).<br>Viernes 25 de diciembre: Navidad (feriado inamovible).<\/p>\n","protected":false},"excerpt":{"rendered":"<p>La jornada se antepone al asueto por el D\u00eda Nacional de la Memoria por la [&hellip;]<\/p>\n","protected":false},"author":1,"featured_media":1140,"comment_status":"open","ping_status":"open","sticky":false,"template":"","format":"standard","meta":{"footnotes":""},"categories":[1],"tags":[],"_links":{"self":[{"href":"https:\/\/neainfo.com\/index.php\/wp-json\/wp\/v2\/posts\/1139"}],"collection":[{"href":"https:\/\/neainfo.com\/index.php\/wp-json\/wp\/v2\/posts"}],"about":[{"href":"https:\/\/neainfo.com\/index.php\/wp-json\/wp\/v2\/types\/post"}],"author":[{"embeddable":true,"href":"https:\/\/neainfo.com\/index.php\/wp-json\/wp\/v2\/users\/1"}],"replies":[{"embeddable":true,"href":"https:\/\/neainfo.com\/index.php\/wp-json\/wp\/v2\/comments?post=1139"}],"version-history":[{"count":1,"href":"https:\/\/neainfo.com\/index.php\/wp-json\/wp\/v2\/posts\/1139\/revisions"}],"predecessor-version":[{"id":1141,"href":"https:\/\/neainfo.com\/index.php\/wp-json\/wp\/v2\/posts\/1139\/revisions\/1141"}],"wp:featuredmedia":[{"embeddable":true,"href":"https:\/\/neainfo.com\/index.php\/wp-json\/wp\/v2\/media\/1140"}],"wp:attachment":[{"href":"https:\/\/neainfo.com\/index.php\/wp-json\/wp\/v2\/media?parent=1139"}],"wp:term":[{"taxonomy":"category","embeddable":true,"href":"https:\/\/neainfo.com\/index.php\/wp-json\/wp\/v2\/categories?post=1139"},{"taxonomy":"post_tag","embeddable":true,"href":"https:\/\/neainfo.com\/index.php\/wp-json\/wp\/v2\/tags?post=1139"}],"curies":[{"name":"wp","href":"https:\/\/api.w.org\/{rel}","templated":true}]}}